{"id":1987,"date":"2020-10-20T18:36:48","date_gmt":"2020-10-20T18:36:48","guid":{"rendered":"http:\/\/dados.iesp.uerj.br\/?p=1987"},"modified":"2022-05-12T18:24:57","modified_gmt":"2022-05-12T18:24:57","slug":"podcast-dados3","status":"publish","type":"post","link":"https:\/\/dados.iesp.uerj.br\/en\/podcast-dados3\/","title":{"rendered":"[Podcast Dados] Divis\u00e3o Sexual do Trabalho e Democracia"},"content":{"rendered":"<p class=\"qtranxs-available-languages-message qtranxs-available-languages-message-en\">Sorry, this entry is only available in <a href=\"https:\/\/dados.iesp.uerj.br\/pb\/wp-json\/wp\/v2\/posts\/1987\" class=\"qtranxs-available-language-link qtranxs-available-language-link-pb\" title=\"Portugu\u00eas do Brasil\">Brazilian Portuguese<\/a>. For the sake of viewer convenience, the content is shown below in the alternative language. You may click the link to switch the active language.<\/p><p>A\u00a0Revista <em>DADOS<\/em> lan\u00e7ou h\u00e1 alguns meses um\u00a0<a href=\"https:\/\/open.spotify.com\/show\/1aYKtHEaDiwtbTou88NyHv?si=_fyTeJTqQbSXhICR88Xwzw\">Podcast<\/a>\u00a0de divulga\u00e7\u00e3o de seus artigos e demais iniciativas. A ferramenta faz parte de um processo mais amplo do peri\u00f3dico, que tem como objetivo aprimorar a circula\u00e7\u00e3o de pesquisas de excel\u00eancia nas ci\u00eancias sociais e estimular a leitura de textos acad\u00eamicos.<\/p>\n<p>No <a href=\"https:\/\/anchor.fm\/revista-dados\/episodes\/Dados-vol-59--n-3-Diviso-Sexual-do-Trabalho-e-Democracia--por-Flvia-Biroli-el7sut\">terceiro epis\u00f3dio<\/a> do <a href=\"https:\/\/anchor.fm\/revista-dados\">Podcast DADOS<\/a>, a cientista pol\u00edtica Fl\u00e1via Biroli conversa com a assistente editorial da revista Marcia Rangel Candido sobre o artigo &#8220;<a href=\"http:\/\/dx.doi.org\/10.1590\/00115258201690\">Divis\u00e3o Sexual do Trabalho e Democracia<\/a>&#8220;, um dos mais citados da publica\u00e7\u00e3o, veiculado no vol.59, n.3. O resumo do trabalho pode ser consultado abaixo.<\/p>\n<p><strong>Resumo<\/strong><br \/>\nO objetivo deste artigo \u00e9 analisar as conex\u00f5es entre a divis\u00e3o sexual do trabalho, aqui entendida como um fator fundamental na produ\u00e7\u00e3o do g\u00eanero, e os limites das democracias contempor\u00e2neas. A an\u00e1lise se apoia em extensa literatura sobre o tema, acompanhada de aporte emp\u00edrico que permite situar a discuss\u00e3o no contexto brasileiro. \u00c9 orientada por dois axiomas e uma hip\u00f3tese, aos quais correspondem as tr\u00eas principais se\u00e7\u00f5es do artigo: (A1) a divis\u00e3o sexual do trabalho est\u00e1 na base das hierarquias de g\u00eanero nas sociedades contempor\u00e2neas; (A2) essas hierarquias assumem formas diferenciadas segundo a posi\u00e7\u00e3o de classe e ra\u00e7a das mulheres; (H) as assimetrias assim constitu\u00eddas, entre as quais se destacam o acesso desigual a tempo livre e a renda, limitam a participa\u00e7\u00e3o pol\u00edtica das mulheres. O reconhecimento do impacto da divis\u00e3o sexual do trabalho se faz em uma concep\u00e7\u00e3o ampliada da pol\u00edtica, que leva em conta as rela\u00e7\u00f5es de poder no cotidiano. A an\u00e1lise destaca como essas rela\u00e7\u00f5es incidem no acesso ao sistema pol\u00edtico. Procura, com isso, colaborar para a constru\u00e7\u00e3o de modelos te\u00f3ricos que incorporem essa dimens\u00e3o fundamental das rela\u00e7\u00f5es de g\u00eanero, a divis\u00e3o sexual do trabalho, \u00e0 an\u00e1lise cr\u00edtica dos limites da democracia.<\/p>\n<p>Para consultar o texto completo acesse:\u00a0<a href=\"https:\/\/doi.org\/10.1590\/00115258201690\" target=\"_blank\" rel=\"ugc noopener noreferrer\">https:\/\/doi.org\/10.1590\/00115258201690<\/a><\/p>\n<p><strong>Escute em:<\/strong><\/p>\n<p>ANCHOR<\/p>\n<p><iframe class=\"wp-embedded-content\" sandbox=\"allow-scripts\" security=\"restricted\" src=\"https:\/\/anchor.fm\/revista-dados\/embed\/episodes\/Dados-vol-59--n-3-Diviso-Sexual-do-Trabalho-e-Democracia--por-Flvia-Biroli-el7sut#?secret=xVlmjq0ZvI\" data-secret=\"xVlmjq0ZvI\" height=\"102px\" width=\"400px\" frameborder=\"0\" scrolling=\"no\"><\/iframe><\/p>\n<p>&nbsp;<\/p>\n<p>SPOTIFY<br \/>\n<iframe loading=\"lazy\" style=\"border-radius: 12px\" width=\"100%\" height=\"152\" title=\"Spotify Embed: [Dados vol.59, n.3] Divis\u00e3o Sexual do Trabalho e Democracia, por Fl\u00e1via Biroli\" frameborder=\"0\" allowfullscreen allow=\"autoplay; clipboard-write; encrypted-media; fullscreen; picture-in-picture\" src=\"https:\/\/open.spotify.com\/embed\/episode\/07kWRSLBhzqSPRio5h8e54?si=U9nk9chkQwSM1oBIV5_mtw&#038;utm_source=oembed\"><\/iframe><\/p>\n<p>&nbsp;<\/p>\n<p><strong>Acompanhe nossas redes sociais:<\/strong><\/p>\n<h5>Twitter<\/h5>\n<p><a href=\"https:\/\/twitter.com\/DadosRevista\" target=\"_blank\" rel=\"ugc noopener noreferrer\">https:\/\/twitter.com\/DadosRevista<\/a><\/p>\n<h5>Instagram<\/h5>\n<p><a href=\"https:\/\/www.instagram.com\/DadosRevista\/\" target=\"_blank\" rel=\"ugc noopener noreferrer\">https:\/\/www.instagram.com\/DadosRevista\/<\/a><\/p>\n<h5>Facebook<\/h5>\n<p><a href=\"https:\/\/www.facebook.com\/revistadados\/\" target=\"_blank\" rel=\"ugc noopener noreferrer\">https:\/\/www.facebook.com\/revistadados\/\u00a0<\/a><\/p>\n<p>&nbsp;<\/p>\n<p>&nbsp;<\/p>","protected":false},"excerpt":{"rendered":"<p>Sorry, this entry is only available in Brazilian Portuguese. For the sake of viewer convenience, the content is shown below in the alternative language. You may click the link to switch the active language.A\u00a0Revista DADOS lan\u00e7ou h\u00e1 alguns meses um\u00a0Podcast\u00a0de divulga\u00e7\u00e3o de seus artigos e demais iniciativas. A ferramenta faz parte de um processo mais [&hellip;]<\/p>\n","protected":false},"author":7,"featured_media":1991,"comment_status":"open","ping_status":"open","sticky":false,"template":"","format":"standard","meta":{"_monsterinsights_skip_tracking":false,"_monsterinsights_sitenote_active":false,"_monsterinsights_sitenote_note":"","_monsterinsights_sitenote_category":0},"categories":[4],"tags":[33,53,50,28],"_links":{"self":[{"href":"https:\/\/dados.iesp.uerj.br\/en\/wp-json\/wp\/v2\/posts\/1987"}],"collection":[{"href":"https:\/\/dados.iesp.uerj.br\/en\/wp-json\/wp\/v2\/posts"}],"about":[{"href":"https:\/\/dados.iesp.uerj.br\/en\/wp-json\/wp\/v2\/types\/post"}],"author":[{"embeddable":true,"href":"https:\/\/dados.iesp.uerj.br\/en\/wp-json\/wp\/v2\/users\/7"}],"replies":[{"embeddable":true,"href":"https:\/\/dados.iesp.uerj.br\/en\/wp-json\/wp\/v2\/comments?post=1987"}],"version-history":[{"count":7,"href":"https:\/\/dados.iesp.uerj.br\/en\/wp-json\/wp\/v2\/posts\/1987\/revisions"}],"predecessor-version":[{"id":2278,"href":"https:\/\/dados.iesp.uerj.br\/en\/wp-json\/wp\/v2\/posts\/1987\/revisions\/2278"}],"wp:featuredmedia":[{"embeddable":true,"href":"https:\/\/dados.iesp.uerj.br\/en\/wp-json\/wp\/v2\/media\/1991"}],"wp:attachment":[{"href":"https:\/\/dados.iesp.uerj.br\/en\/wp-json\/wp\/v2\/media?parent=1987"}],"wp:term":[{"taxonomy":"category","embeddable":true,"href":"https:\/\/dados.iesp.uerj.br\/en\/wp-json\/wp\/v2\/categories?post=1987"},{"taxonomy":"post_tag","embeddable":true,"href":"https:\/\/dados.iesp.uerj.br\/en\/wp-json\/wp\/v2\/tags?post=1987"}],"curies":[{"name":"wp","href":"https:\/\/api.w.org\/{rel}","templated":true}]}}